{"id":5525,"date":"2022-12-08T15:06:51","date_gmt":"2022-12-08T15:06:51","guid":{"rendered":"https:\/\/fundacioncrea.com.ar\/bienvenido\/?p=5525"},"modified":"2023-02-22T15:08:04","modified_gmt":"2023-02-22T15:08:04","slug":"sabias-que-los-suenos-y-la-manera-de-relacionarnos-con-los-demas-se-teje-en-los-primeros-anos-de-la-vida","status":"publish","type":"post","link":"https:\/\/fundacioncrea.com.ar\/bienvenido\/sabias-que-los-suenos-y-la-manera-de-relacionarnos-con-los-demas-se-teje-en-los-primeros-anos-de-la-vida\/","title":{"rendered":"\u00bfSab\u00edas que los sue\u00f1os y la manera de relacionarnos con los dem\u00e1s se teje en los primeros a\u00f1os de la vida?"},"content":{"rendered":"<p>\u00bfSab\u00edas que los sue\u00f1os y la manera de relacionarnos con los dem\u00e1s se teje en los primeros a\u00f1os de la vida?<br \/>\nLo que sucede en la infancia impacta en el desarrollo del ni\u00f1o. Es esencial ayudar a desarrollar conocimientos, habilidades, ideas, aprendizajes que generen experiencias que surjan desde el amor<span class=\"x3nfvp2 x1j61x8r x1fcty0u xdj266r xhhsvwb xat24cr xgzva0m xxymvpz xlup9mm x1kky2od\"><img decoding=\"async\" src=\"https:\/\/static.xx.fbcdn.net\/images\/emoji.php\/v9\/tf4\/1\/16\/2728.png\" alt=\"&#x2728;\" width=\"16\" height=\"16\" \/><\/span><\/p>\n<p>Entonces, \u00bfc\u00f3mo hacemos para contribuir con infancias felices?\u00a0<span class=\"x3nfvp2 x1j61x8r x1fcty0u xdj266r xhhsvwb xat24cr xgzva0m xxymvpz xlup9mm x1kky2od\"><img decoding=\"async\" src=\"https:\/\/static.xx.fbcdn.net\/images\/emoji.php\/v9\/t4f\/1\/16\/1f601.png\" alt=\"&#x1f601;\" width=\"16\" height=\"16\" \/><\/span><\/p>\n<p>En CREA confiamos y estamos comprometidos con el crecimiento espiritual de nuestras ni\u00f1as\u00a0<span class=\"x3nfvp2 x1j61x8r x1fcty0u xdj266r xhhsvwb xat24cr xgzva0m xxymvpz xlup9mm x1kky2od\"><img decoding=\"async\" src=\"https:\/\/static.xx.fbcdn.net\/images\/emoji.php\/v9\/t39\/1\/16\/1f64c_1f3fc.png\" alt=\"&#x1f64c;&#x1f3fc;\" width=\"16\" height=\"16\" \/><\/span>\u00a0Ense\u00f1arles que son amadas, pensadas desde antes de nacer, llenas de vida y prop\u00f3sito es indispensable para llegar a ser mujeres con identidad, determinaci\u00f3n y sue\u00f1os cumplidos\u00a0<span class=\"x3nfvp2 x1j61x8r x1fcty0u xdj266r xhhsvwb xat24cr xgzva0m xxymvpz xlup9mm x1kky2od\"><img loading=\"lazy\" decoding=\"async\" src=\"https:\/\/static.xx.fbcdn.net\/images\/emoji.php\/v9\/tc5\/1\/16\/1f90d.png\" alt=\"&#x1f90d;\" width=\"16\" height=\"16\" \/><\/span><\/p>\n<p>Sumate y s\u00e9 parte de nuestra familia\u00a0<span class=\"x3nfvp2 x1j61x8r x1fcty0u xdj266r xhhsvwb xat24cr xgzva0m xxymvpz xlup9mm x1kky2od\"><img loading=\"lazy\" decoding=\"async\" src=\"https:\/\/static.xx.fbcdn.net\/images\/emoji.php\/v9\/t6d\/1\/16\/1f973.png\" alt=\"&#x1f973;\" width=\"16\" height=\"16\" \/><\/span><\/p>\n<div class=\"x1i10hfl xjbqb8w x6umtig x1b1mbwd xaqea5y xav7gou x9f619 x1ypdohk xt0psk2 xe8uvvx xdj266r x11i5rnm xat24cr x1mh8g0r xexx8yu x4uap5 x18d9i69 xkhd6sd x16tdsg8 x1hl2dhg xggy1nq x1a2a7pz xt0b8zv xzsf02u x1s688f\" tabindex=\"0\" role=\"button\">Ver menos<\/div>\n","protected":false},"excerpt":{"rendered":"<p>\u00bfSab\u00edas que los sue\u00f1os y la manera de relacionarnos con los dem\u00e1s se teje en los primeros a\u00f1os de la vida? Lo que sucede en la infancia impacta en el desarrollo del ni\u00f1o. Es esencial ayudar a desarrollar conocimientos, habilidades, ideas, aprendizajes que generen experiencias que surjan desde el amor Entonces, \u00bfc\u00f3mo hacemos para contribuir&hellip;<\/p>\n","protected":false},"author":2,"featured_media":5526,"comment_status":"open","ping_status":"open","sticky":false,"template":"","format":"standard","meta":{"give_campaign_id":0,"_monsterinsights_skip_tracking":false,"_monsterinsights_sitenote_active":false,"_monsterinsights_sitenote_note":"","_monsterinsights_sitenote_category":0,"footnotes":""},"categories":[74,7],"tags":[],"class_list":["post-5525","post","type-post","status-publish","format-standard","has-post-thumbnail","hentry","category-fundacioncrea","category-hogar-de-ninas","category-74","category-7","description-off"],"_links":{"self":[{"href":"https:\/\/fundacioncrea.com.ar\/bienvenido\/wp-json\/wp\/v2\/posts\/5525","targetHints":{"allow":["GET"]}}],"collection":[{"href":"https:\/\/fundacioncrea.com.ar\/bienvenido\/wp-json\/wp\/v2\/posts"}],"about":[{"href":"https:\/\/fundacioncrea.com.ar\/bienvenido\/wp-json\/wp\/v2\/types\/post"}],"author":[{"embeddable":true,"href":"https:\/\/fundacioncrea.com.ar\/bienvenido\/wp-json\/wp\/v2\/users\/2"}],"replies":[{"embeddable":true,"href":"https:\/\/fundacioncrea.com.ar\/bienvenido\/wp-json\/wp\/v2\/comments?post=5525"}],"version-history":[{"count":2,"href":"https:\/\/fundacioncrea.com.ar\/bienvenido\/wp-json\/wp\/v2\/posts\/5525\/revisions"}],"predecessor-version":[{"id":5530,"href":"https:\/\/fundacioncrea.com.ar\/bienvenido\/wp-json\/wp\/v2\/posts\/5525\/revisions\/5530"}],"wp:featuredmedia":[{"embeddable":true,"href":"https:\/\/fundacioncrea.com.ar\/bienvenido\/wp-json\/wp\/v2\/media\/5526"}],"wp:attachment":[{"href":"https:\/\/fundacioncrea.com.ar\/bienvenido\/wp-json\/wp\/v2\/media?parent=5525"}],"wp:term":[{"taxonomy":"category","embeddable":true,"href":"https:\/\/fundacioncrea.com.ar\/bienvenido\/wp-json\/wp\/v2\/categories?post=5525"},{"taxonomy":"post_tag","embeddable":true,"href":"https:\/\/fundacioncrea.com.ar\/bienvenido\/wp-json\/wp\/v2\/tags?post=5525"}],"curies":[{"name":"wp","href":"https:\/\/api.w.org\/{rel}","templated":true}]}}