{"id":5519,"date":"2023-02-22T15:03:15","date_gmt":"2023-02-22T15:03:15","guid":{"rendered":"https:\/\/fundacioncrea.com.ar\/bienvenido\/?p=5519"},"modified":"2023-02-22T15:03:44","modified_gmt":"2023-02-22T15:03:44","slug":"viviste-experiencias-que-despiertan-sonrisas-y-llenan-el-alma-de-alegria-y-amor","status":"publish","type":"post","link":"https:\/\/fundacioncrea.com.ar\/bienvenido\/viviste-experiencias-que-despiertan-sonrisas-y-llenan-el-alma-de-alegria-y-amor\/","title":{"rendered":"\u00bfViviste experiencias que despiertan sonrisas y llenan el alma de alegr\u00eda y amor?"},"content":{"rendered":"<div class=\"wpb-content-wrapper\"><p>[vc_row][vc_column][vc_column_text]<\/p>\n<div class=\"x11i5rnm xat24cr x1mh8g0r x1vvkbs xtlvy1s x126k92a\">\n<div dir=\"auto\"><span class=\"x3nfvp2 x1j61x8r x1fcty0u xdj266r xhhsvwb xat24cr xgzva0m xxymvpz xlup9mm x1kky2od\"><img decoding=\"async\" src=\"https:\/\/static.xx.fbcdn.net\/images\/emoji.php\/v9\/t98\/1\/16\/1f49e.png\" alt=\"&#x1f49e;\" width=\"16\" height=\"16\" \/><\/span> Te compartimos la nuestra:<\/div>\n<div dir=\"auto\">\u00a1Por primera vez, las ni\u00f1as viajan en sus vacaciones!<\/div>\n<div dir=\"auto\">Nuestro destino es C\u00f3rdoba<span class=\"x3nfvp2 x1j61x8r x1fcty0u xdj266r xhhsvwb xat24cr xgzva0m xxymvpz xlup9mm x1kky2od\"><img decoding=\"async\" src=\"https:\/\/static.xx.fbcdn.net\/images\/emoji.php\/v9\/tec\/1\/16\/1f697.png\" alt=\"&#x1f697;\" width=\"16\" height=\"16\" \/><\/span>, rodeadas de monta\u00f1as y r\u00edo.<\/div>\n<\/div>\n<div class=\"x11i5rnm xat24cr x1mh8g0r x1vvkbs xtlvy1s x126k92a\">\n<div dir=\"auto\">Participamos de un entrenamiento denominado \u00abGen Maranata\u00bb, organizado por @tomatulugar<\/div>\n<div dir=\"auto\">Las ni\u00f1as disfrutaron talleres que les brindaron herramientas para seguir creciendo en valores, una capacitaci\u00f3n e impartici\u00f3n con tem\u00e1ticas adaptadas para cada etapa en la vida.<\/div>\n<\/div>\n<div class=\"x11i5rnm xat24cr x1mh8g0r x1vvkbs xtlvy1s x126k92a\">\n<div dir=\"auto\"><span class=\"x3nfvp2 x1j61x8r x1fcty0u xdj266r xhhsvwb xat24cr xgzva0m xxymvpz xlup9mm x1kky2od\"><img decoding=\"async\" src=\"https:\/\/static.xx.fbcdn.net\/images\/emoji.php\/v9\/teb\/1\/16\/2763.png\" alt=\"&#x2763;\" width=\"16\" height=\"16\" \/><\/span> Anhelamos que vuelvan con sus corazones explotados de ganas de seguir so\u00f1ando.<\/div>\n<\/div>\n<div class=\"x11i5rnm xat24cr x1mh8g0r x1vvkbs xtlvy1s x126k92a\">\n<div dir=\"auto\">En CREA somos casa de paz y crecimiento, queremos marcar la diferencia, plantar en las vidas de aquellas personas que transitan el espacio, este principio: cada proceso de restauraci\u00f3n es \u00fanico, tenemos prop\u00f3sito eterno y buscamos ese dise\u00f1o.<\/div>\n<\/div>\n<div class=\"x11i5rnm xat24cr x1mh8g0r x1vvkbs xtlvy1s x126k92a\">\n<div dir=\"auto\">Cada momento de planificaci\u00f3n, coordinaci\u00f3n y log\u00edstica ha valido la alegr\u00eda al ver las caritas sonrientes de las ni\u00f1as<span class=\"x3nfvp2 x1j61x8r x1fcty0u xdj266r xhhsvwb xat24cr xgzva0m xxymvpz xlup9mm x1kky2od\"><img loading=\"lazy\" decoding=\"async\" src=\"https:\/\/static.xx.fbcdn.net\/images\/emoji.php\/v9\/tc5\/1\/16\/1f90d.png\" alt=\"&#x1f90d;\" width=\"16\" height=\"16\" \/><\/span><\/div>\n<\/div>\n<div class=\"x11i5rnm xat24cr x1mh8g0r x1vvkbs xtlvy1s x126k92a\">\n<div dir=\"auto\"><span class=\"x3nfvp2 x1j61x8r x1fcty0u xdj266r xhhsvwb xat24cr xgzva0m xxymvpz xlup9mm x1kky2od\"><img loading=\"lazy\" decoding=\"async\" src=\"https:\/\/static.xx.fbcdn.net\/images\/emoji.php\/v9\/tac\/1\/16\/1f4cc.png\" alt=\"&#x1f4cc;\" width=\"16\" height=\"16\" \/><\/span> Te invitamos a que puedas seguir conectado con nosotros.<\/div>\n<\/div>\n<div class=\"x11i5rnm xat24cr x1mh8g0r x1vvkbs xtlvy1s x126k92a\">\n<div dir=\"auto\">Gracias por ser parte de la<\/div>\n<div dir=\"auto\">Familia CREA <span class=\"x3nfvp2 x1j61x8r x1fcty0u xdj266r xhhsvwb xat24cr xgzva0m xxymvpz xlup9mm x1kky2od\"><img loading=\"lazy\" decoding=\"async\" src=\"https:\/\/static.xx.fbcdn.net\/images\/emoji.php\/v9\/tf6\/1\/16\/1f3e0.png\" alt=\"&#x1f3e0;\" width=\"16\" height=\"16\" \/><\/span><\/div>\n<\/div>\n<p>[\/vc_column_text][\/vc_column][\/vc_row][vc_row][vc_column][vc_media_grid grid_id=\u00bbvc_gid:1677078153778-c0369210-31ad-4&#8243; include=\u00bb5520,5521,5522,5523&#8243;][\/vc_column][\/vc_row]<\/p>\n<\/div>","protected":false},"excerpt":{"rendered":"<p>[vc_row][vc_column][vc_column_text] Te compartimos la nuestra: \u00a1Por primera vez, las ni\u00f1as viajan en sus vacaciones! Nuestro destino es C\u00f3rdoba, rodeadas de monta\u00f1as y r\u00edo. Participamos de un entrenamiento denominado \u00abGen Maranata\u00bb, organizado por @tomatulugar Las ni\u00f1as disfrutaron talleres que les brindaron herramientas para seguir creciendo en valores, una capacitaci\u00f3n e impartici\u00f3n con tem\u00e1ticas adaptadas para cada&hellip;<\/p>\n","protected":false},"author":2,"featured_media":5523,"comment_status":"open","ping_status":"open","sticky":false,"template":"","format":"standard","meta":{"give_campaign_id":0,"_monsterinsights_skip_tracking":false,"_monsterinsights_sitenote_active":false,"_monsterinsights_sitenote_note":"","_monsterinsights_sitenote_category":0,"footnotes":""},"categories":[74,7],"tags":[],"class_list":["post-5519","post","type-post","status-publish","format-standard","has-post-thumbnail","hentry","category-fundacioncrea","category-hogar-de-ninas","category-74","category-7","description-off"],"_links":{"self":[{"href":"https:\/\/fundacioncrea.com.ar\/bienvenido\/wp-json\/wp\/v2\/posts\/5519","targetHints":{"allow":["GET"]}}],"collection":[{"href":"https:\/\/fundacioncrea.com.ar\/bienvenido\/wp-json\/wp\/v2\/posts"}],"about":[{"href":"https:\/\/fundacioncrea.com.ar\/bienvenido\/wp-json\/wp\/v2\/types\/post"}],"author":[{"embeddable":true,"href":"https:\/\/fundacioncrea.com.ar\/bienvenido\/wp-json\/wp\/v2\/users\/2"}],"replies":[{"embeddable":true,"href":"https:\/\/fundacioncrea.com.ar\/bienvenido\/wp-json\/wp\/v2\/comments?post=5519"}],"version-history":[{"count":1,"href":"https:\/\/fundacioncrea.com.ar\/bienvenido\/wp-json\/wp\/v2\/posts\/5519\/revisions"}],"predecessor-version":[{"id":5524,"href":"https:\/\/fundacioncrea.com.ar\/bienvenido\/wp-json\/wp\/v2\/posts\/5519\/revisions\/5524"}],"wp:featuredmedia":[{"embeddable":true,"href":"https:\/\/fundacioncrea.com.ar\/bienvenido\/wp-json\/wp\/v2\/media\/5523"}],"wp:attachment":[{"href":"https:\/\/fundacioncrea.com.ar\/bienvenido\/wp-json\/wp\/v2\/media?parent=5519"}],"wp:term":[{"taxonomy":"category","embeddable":true,"href":"https:\/\/fundacioncrea.com.ar\/bienvenido\/wp-json\/wp\/v2\/categories?post=5519"},{"taxonomy":"post_tag","embeddable":true,"href":"https:\/\/fundacioncrea.com.ar\/bienvenido\/wp-json\/wp\/v2\/tags?post=5519"}],"curies":[{"name":"wp","href":"https:\/\/api.w.org\/{rel}","templated":true}]}}