{"id":5486,"date":"2022-12-06T19:17:39","date_gmt":"2022-12-06T19:17:39","guid":{"rendered":"https:\/\/fundacioncrea.com.ar\/bienvenido\/?p=5486"},"modified":"2022-12-06T19:29:12","modified_gmt":"2022-12-06T19:29:12","slug":"las-personas-somos-cuerpo-alma-y-espiritu","status":"publish","type":"post","link":"https:\/\/fundacioncrea.com.ar\/bienvenido\/las-personas-somos-cuerpo-alma-y-espiritu\/","title":{"rendered":"Las personas somos cuerpo, alma y esp\u00edritu"},"content":{"rendered":"<div class=\"wpb-content-wrapper\"><p>[vc_row][vc_column][vc_column_text]<\/p>\n<div class=\"x11i5rnm xat24cr x1mh8g0r x1vvkbs xdj266r x126k92a\">\n<div dir=\"auto\">\u00bfAlguna vez escuchaste esta frase? \u00bfTe detuviste a pensar si le est\u00e1s dando la importancia necesaria al cuidado de estas \u00e1reas?<span class=\"x3nfvp2 x1j61x8r x1fcty0u xdj266r xhhsvwb xat24cr xgzva0m xxymvpz xlup9mm x1kky2od\"><img decoding=\"async\" src=\"https:\/\/static.xx.fbcdn.net\/images\/emoji.php\/v9\/tf4\/1\/16\/2728.png\" alt=\"&#x2728;\" width=\"16\" height=\"16\" \/><\/span><\/div>\n<\/div>\n<div class=\"x11i5rnm xat24cr x1mh8g0r x1vvkbs xtlvy1s x126k92a\">\n<div dir=\"auto\">En CREA sostenemos un abordaje de las situaciones de manera integral. Trabajamos junto a diferentes profesionales donde, a partir de talleres, nos aproximamos a tem\u00e1ticas como brindar las herramientas para desarrollar emprendimientos y generar una salida laboral pero sin dudas, creemos que la clave es dedicar tiempo a sanar nuestras emociones<span class=\"x3nfvp2 x1j61x8r x1fcty0u xdj266r xhhsvwb xat24cr xgzva0m xxymvpz xlup9mm x1kky2od\"><img decoding=\"async\" src=\"https:\/\/static.xx.fbcdn.net\/images\/emoji.php\/v9\/ta\/1\/16\/2764_200d_1fa79.png\" alt=\"&#x2764;&#xfe0f;&#x200d;&#x1fa79;\" width=\"16\" height=\"16\" \/><\/span><\/div>\n<\/div>\n<div class=\"x11i5rnm xat24cr x1mh8g0r x1vvkbs xtlvy1s x126k92a\">\n<div dir=\"auto\">Contamos con un tiempo de reflexi\u00f3n y puesta en com\u00fan de nuestras ideas, pensamientos y creencias para poder ir transform\u00e1ndonos en personas sanas que proyectan futuros de esperanza.<span class=\"x3nfvp2 x1j61x8r x1fcty0u xdj266r xhhsvwb xat24cr xgzva0m xxymvpz xlup9mm x1kky2od\"><img decoding=\"async\" src=\"https:\/\/static.xx.fbcdn.net\/images\/emoji.php\/v9\/tb8\/1\/16\/1f64c_1f3fb.png\" alt=\"&#x1f64c;&#x1f3fb;\" width=\"16\" height=\"16\" \/><\/span><\/div>\n<\/div>\n<div class=\"x11i5rnm xat24cr x1mh8g0r x1vvkbs xtlvy1s x126k92a\">\n<div dir=\"auto\">Nuestro tiempo de crecimiento espiritual es primordial para poder enfrentar cada d\u00eda con nuevas fuerzas.<\/div>\n<\/div>\n<p>[\/vc_column_text][\/vc_column][\/vc_row]<\/p>\n<\/div>","protected":false},"excerpt":{"rendered":"<p>[vc_row][vc_column][vc_column_text] \u00bfAlguna vez escuchaste esta frase? \u00bfTe detuviste a pensar si le est\u00e1s dando la importancia necesaria al cuidado de estas \u00e1reas? En CREA sostenemos un abordaje de las situaciones de manera integral. Trabajamos junto a diferentes profesionales donde, a partir de talleres, nos aproximamos a tem\u00e1ticas como brindar las herramientas para desarrollar emprendimientos y&hellip;<\/p>\n","protected":false},"author":2,"featured_media":5489,"comment_status":"open","ping_status":"open","sticky":false,"template":"","format":"standard","meta":{"give_campaign_id":0,"_monsterinsights_skip_tracking":false,"_monsterinsights_sitenote_active":false,"_monsterinsights_sitenote_note":"","_monsterinsights_sitenote_category":0,"footnotes":""},"categories":[1],"tags":[],"class_list":["post-5486","post","type-post","status-publish","format-standard","has-post-thumbnail","hentry","category-sin-categoria","category-1","description-off"],"_links":{"self":[{"href":"https:\/\/fundacioncrea.com.ar\/bienvenido\/wp-json\/wp\/v2\/posts\/5486","targetHints":{"allow":["GET"]}}],"collection":[{"href":"https:\/\/fundacioncrea.com.ar\/bienvenido\/wp-json\/wp\/v2\/posts"}],"about":[{"href":"https:\/\/fundacioncrea.com.ar\/bienvenido\/wp-json\/wp\/v2\/types\/post"}],"author":[{"embeddable":true,"href":"https:\/\/fundacioncrea.com.ar\/bienvenido\/wp-json\/wp\/v2\/users\/2"}],"replies":[{"embeddable":true,"href":"https:\/\/fundacioncrea.com.ar\/bienvenido\/wp-json\/wp\/v2\/comments?post=5486"}],"version-history":[{"count":3,"href":"https:\/\/fundacioncrea.com.ar\/bienvenido\/wp-json\/wp\/v2\/posts\/5486\/revisions"}],"predecessor-version":[{"id":5490,"href":"https:\/\/fundacioncrea.com.ar\/bienvenido\/wp-json\/wp\/v2\/posts\/5486\/revisions\/5490"}],"wp:featuredmedia":[{"embeddable":true,"href":"https:\/\/fundacioncrea.com.ar\/bienvenido\/wp-json\/wp\/v2\/media\/5489"}],"wp:attachment":[{"href":"https:\/\/fundacioncrea.com.ar\/bienvenido\/wp-json\/wp\/v2\/media?parent=5486"}],"wp:term":[{"taxonomy":"category","embeddable":true,"href":"https:\/\/fundacioncrea.com.ar\/bienvenido\/wp-json\/wp\/v2\/categories?post=5486"},{"taxonomy":"post_tag","embeddable":true,"href":"https:\/\/fundacioncrea.com.ar\/bienvenido\/wp-json\/wp\/v2\/tags?post=5486"}],"curies":[{"name":"wp","href":"https:\/\/api.w.org\/{rel}","templated":true}]}}