{"id":5466,"date":"2022-10-19T20:24:36","date_gmt":"2022-10-19T20:24:36","guid":{"rendered":"https:\/\/fundacioncrea.com.ar\/bienvenido\/?p=5466"},"modified":"2022-10-19T20:24:36","modified_gmt":"2022-10-19T20:24:36","slug":"el-sueno-de-formar-esta-enorma-familia-nacio-hace-mas-de-10-anos","status":"publish","type":"post","link":"https:\/\/fundacioncrea.com.ar\/bienvenido\/el-sueno-de-formar-esta-enorma-familia-nacio-hace-mas-de-10-anos\/","title":{"rendered":"El sue\u00f1o de formar esta enorma familia naci\u00f3 hace m\u00e1s de 10 a\u00f1os"},"content":{"rendered":"<div class=\"wpb-content-wrapper\"><p>[vc_row][vc_column][vc_column_text]<\/p>\n<div class=\"xdj266r x11i5rnm xat24cr x1mh8g0r x1vvkbs x126k92a\">\n<div dir=\"auto\">El sue\u00f1o de formar esta enorma familia naci\u00f3 hace m\u00e1s de 10 a\u00f1os<span class=\"x3nfvp2 x1j61x8r x1fcty0u xdj266r xhhsvwb xat24cr xgzva0m xxymvpz xlup9mm x1kky2od\"><img decoding=\"async\" src=\"https:\/\/static.xx.fbcdn.net\/images\/emoji.php\/v9\/t75\/2\/16\/2728.png\" alt=\"&#x2728;\" width=\"16\" height=\"16\" \/><\/span><\/div>\n<\/div>\n<div class=\"x11i5rnm xat24cr x1mh8g0r x1vvkbs xtlvy1s x126k92a\">\n<div dir=\"auto\">Hoy te queremos presentar a nuestros directores: Mari y Diego<\/div>\n<\/div>\n<div class=\"x11i5rnm xat24cr x1mh8g0r x1vvkbs xtlvy1s x126k92a\">\n<div dir=\"auto\">Empezaron a so\u00f1ar con crear un espacio donde poder volver a comenzar, tener nuevas oportunidades y principalmente conocer a Dios y ser libres <span class=\"x3nfvp2 x1j61x8r x1fcty0u xdj266r xhhsvwb xat24cr xgzva0m xxymvpz xlup9mm x1kky2od\"><img decoding=\"async\" src=\"https:\/\/static.xx.fbcdn.net\/images\/emoji.php\/v9\/t1e\/2\/16\/1f60a.png\" alt=\"&#x1f60a;\" width=\"16\" height=\"16\" \/><\/span> Pasaron por muchas etapas, algunas dif\u00edciles, pero la visi\u00f3n siempre se mantuvo. Emociona mirar hacia atr\u00e1s y ver cu\u00e1ntas vidas fueron abrazadas.<span class=\"x3nfvp2 x1j61x8r x1fcty0u xdj266r xhhsvwb xat24cr xgzva0m xxymvpz xlup9mm x1kky2od\"><img decoding=\"async\" src=\"https:\/\/static.xx.fbcdn.net\/images\/emoji.php\/v9\/t12\/2\/16\/1f979.png\" alt=\"&#x1f979;\" width=\"16\" height=\"16\" \/><\/span><\/div>\n<\/div>\n<div class=\"x11i5rnm xat24cr x1mh8g0r x1vvkbs xtlvy1s x126k92a\">\n<div dir=\"auto\">Gracias Mari y Diego por ayudar y transformar vidas a trav\u00e9s del amor de Dios <span class=\"x3nfvp2 x1j61x8r x1fcty0u xdj266r xhhsvwb xat24cr xgzva0m xxymvpz xlup9mm x1kky2od\"><img loading=\"lazy\" decoding=\"async\" src=\"https:\/\/static.xx.fbcdn.net\/images\/emoji.php\/v9\/ted\/2\/16\/2764.png\" alt=\"&#x2764;&#xfe0f;\" width=\"16\" height=\"16\" \/><\/span><\/div>\n<\/div>\n<p>[\/vc_column_text][\/vc_column][\/vc_row]<\/p>\n<\/div>","protected":false},"excerpt":{"rendered":"<p>[vc_row][vc_column][vc_column_text] El sue\u00f1o de formar esta enorma familia naci\u00f3 hace m\u00e1s de 10 a\u00f1os Hoy te queremos presentar a nuestros directores: Mari y Diego Empezaron a so\u00f1ar con crear un espacio donde poder volver a comenzar, tener nuevas oportunidades y principalmente conocer a Dios y ser libres Pasaron por muchas etapas, algunas dif\u00edciles, pero la&hellip;<\/p>\n","protected":false},"author":2,"featured_media":5467,"comment_status":"open","ping_status":"open","sticky":false,"template":"","format":"standard","meta":{"give_campaign_id":0,"_monsterinsights_skip_tracking":false,"_monsterinsights_sitenote_active":false,"_monsterinsights_sitenote_note":"","_monsterinsights_sitenote_category":0,"footnotes":""},"categories":[74],"tags":[],"class_list":["post-5466","post","type-post","status-publish","format-standard","has-post-thumbnail","hentry","category-fundacioncrea","category-74","description-off"],"_links":{"self":[{"href":"https:\/\/fundacioncrea.com.ar\/bienvenido\/wp-json\/wp\/v2\/posts\/5466","targetHints":{"allow":["GET"]}}],"collection":[{"href":"https:\/\/fundacioncrea.com.ar\/bienvenido\/wp-json\/wp\/v2\/posts"}],"about":[{"href":"https:\/\/fundacioncrea.com.ar\/bienvenido\/wp-json\/wp\/v2\/types\/post"}],"author":[{"embeddable":true,"href":"https:\/\/fundacioncrea.com.ar\/bienvenido\/wp-json\/wp\/v2\/users\/2"}],"replies":[{"embeddable":true,"href":"https:\/\/fundacioncrea.com.ar\/bienvenido\/wp-json\/wp\/v2\/comments?post=5466"}],"version-history":[{"count":1,"href":"https:\/\/fundacioncrea.com.ar\/bienvenido\/wp-json\/wp\/v2\/posts\/5466\/revisions"}],"predecessor-version":[{"id":5468,"href":"https:\/\/fundacioncrea.com.ar\/bienvenido\/wp-json\/wp\/v2\/posts\/5466\/revisions\/5468"}],"wp:featuredmedia":[{"embeddable":true,"href":"https:\/\/fundacioncrea.com.ar\/bienvenido\/wp-json\/wp\/v2\/media\/5467"}],"wp:attachment":[{"href":"https:\/\/fundacioncrea.com.ar\/bienvenido\/wp-json\/wp\/v2\/media?parent=5466"}],"wp:term":[{"taxonomy":"category","embeddable":true,"href":"https:\/\/fundacioncrea.com.ar\/bienvenido\/wp-json\/wp\/v2\/categories?post=5466"},{"taxonomy":"post_tag","embeddable":true,"href":"https:\/\/fundacioncrea.com.ar\/bienvenido\/wp-json\/wp\/v2\/tags?post=5466"}],"curies":[{"name":"wp","href":"https:\/\/api.w.org\/{rel}","templated":true}]}}