{"id":3634,"date":"2017-12-14T19:17:00","date_gmt":"2017-12-14T19:17:00","guid":{"rendered":"https:\/\/fundacioncrea.com.ar\/?p=3634"},"modified":"2017-12-14T19:17:00","modified_gmt":"2017-12-14T19:17:00","slug":"inauguracion-hogar-de-ninas","status":"publish","type":"post","link":"https:\/\/fundacioncrea.com.ar\/bienvenido\/inauguracion-hogar-de-ninas\/","title":{"rendered":"Inauguraci\u00f3n Hogar de Ni\u00f1as"},"content":{"rendered":"\n<p class=\"has-drop-cap\">Inauguraci\u00f3n Hogar de Ni\u00f1as!!!! en este final de a\u00f1o&#8230; Como no reconocerle a cada paso! Solo El hace posible lo imposible para nuestro alcance. <a href=\"https:\/\/www.facebook.com\/hashtag\/casadebendicion?__eep__=6&amp;source=feed_text&amp;epa=HASHTAG&amp;__xts__%5B0%5D=68.ARDNYj178upEUcudGBmqggwbWSj3Rsldz44NwvhLWX7CZLyZYeWQiaVUW6jQlqmC1X6j_7PMlrdLtD0ExBWnMqYk2WssYbUqMF8J_dvOKPdq1uPp5eGMdpU5UEtQ0CqN_E1srU1uqcoxklQMUUdwr6VkWJZvrGjEuVhvh_c-qWhO6w3jusBkGZefkHDhbW2ZUe9vnHXdnueiKMfOmk66pMeWibZlqsikGUcxjjlCiVYsJaNFCXwVpHW7NiU0VIIG4rNaW_pLH49qBW72KRtU_9ND1IdlrKVHME77vBSnwlZpfDeU6oFBZOmw1chIN-Fxy9zNLulwtZQferqtDHIK9Bs&amp;__tn__=%2ANKH-R\">#Casadebendicion<\/a> <a href=\"https:\/\/www.facebook.com\/hashtag\/familia?__eep__=6&amp;source=feed_text&amp;epa=HASHTAG&amp;__xts__%5B0%5D=68.ARDNYj178upEUcudGBmqggwbWSj3Rsldz44NwvhLWX7CZLyZYeWQiaVUW6jQlqmC1X6j_7PMlrdLtD0ExBWnMqYk2WssYbUqMF8J_dvOKPdq1uPp5eGMdpU5UEtQ0CqN_E1srU1uqcoxklQMUUdwr6VkWJZvrGjEuVhvh_c-qWhO6w3jusBkGZefkHDhbW2ZUe9vnHXdnueiKMfOmk66pMeWibZlqsikGUcxjjlCiVYsJaNFCXwVpHW7NiU0VIIG4rNaW_pLH49qBW72KRtU_9ND1IdlrKVHME77vBSnwlZpfDeU6oFBZOmw1chIN-Fxy9zNLulwtZQferqtDHIK9Bs&amp;__tn__=%2ANKH-R\">#Familia<\/a> <a href=\"https:\/\/www.facebook.com\/hashtag\/amorquesana?__eep__=6&amp;source=feed_text&amp;epa=HASHTAG&amp;__xts__%5B0%5D=68.ARDNYj178upEUcudGBmqggwbWSj3Rsldz44NwvhLWX7CZLyZYeWQiaVUW6jQlqmC1X6j_7PMlrdLtD0ExBWnMqYk2WssYbUqMF8J_dvOKPdq1uPp5eGMdpU5UEtQ0CqN_E1srU1uqcoxklQMUUdwr6VkWJZvrGjEuVhvh_c-qWhO6w3jusBkGZefkHDhbW2ZUe9vnHXdnueiKMfOmk66pMeWibZlqsikGUcxjjlCiVYsJaNFCXwVpHW7NiU0VIIG4rNaW_pLH49qBW72KRtU_9ND1IdlrKVHME77vBSnwlZpfDeU6oFBZOmw1chIN-Fxy9zNLulwtZQferqtDHIK9Bs&amp;__tn__=%2ANKH-R\">#Amorquesana<\/a> <a href=\"https:\/\/www.facebook.com\/hashtag\/cristoennostrosesperanzadegloria?__eep__=6&amp;source=feed_text&amp;epa=HASHTAG&amp;__xts__%5B0%5D=68.ARDNYj178upEUcudGBmqggwbWSj3Rsldz44NwvhLWX7CZLyZYeWQiaVUW6jQlqmC1X6j_7PMlrdLtD0ExBWnMqYk2WssYbUqMF8J_dvOKPdq1uPp5eGMdpU5UEtQ0CqN_E1srU1uqcoxklQMUUdwr6VkWJZvrGjEuVhvh_c-qWhO6w3jusBkGZefkHDhbW2ZUe9vnHXdnueiKMfOmk66pMeWibZlqsikGUcxjjlCiVYsJaNFCXwVpHW7NiU0VIIG4rNaW_pLH49qBW72KRtU_9ND1IdlrKVHME77vBSnwlZpfDeU6oFBZOmw1chIN-Fxy9zNLulwtZQferqtDHIK9Bs&amp;__tn__=%2ANKH-R\">#Cristoennostrosesperanzadegloria<\/a> <a href=\"https:\/\/www.facebook.com\/hashtag\/porelyparaelsontodaslascosas?__eep__=6&amp;source=feed_text&amp;epa=HASHTAG&amp;__xts__%5B0%5D=68.ARDNYj178upEUcudGBmqggwbWSj3Rsldz44NwvhLWX7CZLyZYeWQiaVUW6jQlqmC1X6j_7PMlrdLtD0ExBWnMqYk2WssYbUqMF8J_dvOKPdq1uPp5eGMdpU5UEtQ0CqN_E1srU1uqcoxklQMUUdwr6VkWJZvrGjEuVhvh_c-qWhO6w3jusBkGZefkHDhbW2ZUe9vnHXdnueiKMfOmk66pMeWibZlqsikGUcxjjlCiVYsJaNFCXwVpHW7NiU0VIIG4rNaW_pLH49qBW72KRtU_9ND1IdlrKVHME77vBSnwlZpfDeU6oFBZOmw1chIN-Fxy9zNLulwtZQferqtDHIK9Bs&amp;__tn__=%2ANKH-R\">#PorElyparaElsontodaslascosas<\/a><\/p>\n\n\n\n<p><\/p>\n\n\n\n<figure class=\"wp-block-gallery columns-3 is-cropped wp-block-gallery-1 is-layout-flex wp-block-gallery-is-layout-flex\"><ul class=\"blocks-gallery-grid\"><li class=\"blocks-gallery-item\"><figure><img decoding=\"async\" src=\"https:\/\/fundacioncrea.com.ar\/wp-content\/uploads\/2020\/06\/DSCN2723-300x225.jpg\" alt=\"\" data-id=\"3638\" data-full-url=\"https:\/\/fundacioncrea.com.ar\/wp-content\/uploads\/2020\/06\/DSCN2723-scaled.jpg\" data-link=\"https:\/\/fundacioncrea.com.ar\/inauguracion-hogar-de-ninas\/dscn2723\/\" class=\"wp-image-3638\"\/><\/figure><\/li><li class=\"blocks-gallery-item\"><figure><img decoding=\"async\" src=\"https:\/\/fundacioncrea.com.ar\/wp-content\/uploads\/2020\/06\/DSCN2724-300x225.jpg\" alt=\"\" data-id=\"3639\" data-full-url=\"https:\/\/fundacioncrea.com.ar\/wp-content\/uploads\/2020\/06\/DSCN2724-scaled.jpg\" data-link=\"https:\/\/fundacioncrea.com.ar\/inauguracion-hogar-de-ninas\/dscn2724\/\" class=\"wp-image-3639\"\/><\/figure><\/li><li class=\"blocks-gallery-item\"><figure><img decoding=\"async\" src=\"https:\/\/fundacioncrea.com.ar\/wp-content\/uploads\/2020\/06\/DSCN2725-300x225.jpg\" alt=\"\" data-id=\"3640\" data-full-url=\"https:\/\/fundacioncrea.com.ar\/wp-content\/uploads\/2020\/06\/DSCN2725-scaled.jpg\" data-link=\"https:\/\/fundacioncrea.com.ar\/inauguracion-hogar-de-ninas\/dscn2725\/\" class=\"wp-image-3640\"\/><\/figure><\/li><li class=\"blocks-gallery-item\"><figure><img decoding=\"async\" src=\"https:\/\/fundacioncrea.com.ar\/wp-content\/uploads\/2020\/06\/DSCN2726-300x225.jpg\" alt=\"\" data-id=\"3641\" data-full-url=\"https:\/\/fundacioncrea.com.ar\/wp-content\/uploads\/2020\/06\/DSCN2726-scaled.jpg\" data-link=\"https:\/\/fundacioncrea.com.ar\/inauguracion-hogar-de-ninas\/dscn2726\/\" class=\"wp-image-3641\"\/><\/figure><\/li><li class=\"blocks-gallery-item\"><figure><img decoding=\"async\" src=\"https:\/\/fundacioncrea.com.ar\/wp-content\/uploads\/2020\/06\/DSCN2728-300x225.jpg\" alt=\"\" data-id=\"3642\" data-full-url=\"https:\/\/fundacioncrea.com.ar\/wp-content\/uploads\/2020\/06\/DSCN2728-scaled.jpg\" data-link=\"https:\/\/fundacioncrea.com.ar\/inauguracion-hogar-de-ninas\/dscn2728\/\" class=\"wp-image-3642\"\/><\/figure><\/li><li class=\"blocks-gallery-item\"><figure><img decoding=\"async\" src=\"https:\/\/fundacioncrea.com.ar\/wp-content\/uploads\/2020\/06\/DSCN2729-300x225.jpg\" alt=\"\" data-id=\"3643\" data-full-url=\"https:\/\/fundacioncrea.com.ar\/wp-content\/uploads\/2020\/06\/DSCN2729-scaled.jpg\" data-link=\"https:\/\/fundacioncrea.com.ar\/inauguracion-hogar-de-ninas\/dscn2729\/\" class=\"wp-image-3643\"\/><\/figure><\/li><li class=\"blocks-gallery-item\"><figure><img decoding=\"async\" src=\"https:\/\/fundacioncrea.com.ar\/wp-content\/uploads\/2020\/06\/DSCN2730-300x225.jpg\" alt=\"\" data-id=\"3644\" data-full-url=\"https:\/\/fundacioncrea.com.ar\/wp-content\/uploads\/2020\/06\/DSCN2730-scaled.jpg\" data-link=\"https:\/\/fundacioncrea.com.ar\/inauguracion-hogar-de-ninas\/dscn2730\/\" class=\"wp-image-3644\"\/><\/figure><\/li><li class=\"blocks-gallery-item\"><figure><img decoding=\"async\" src=\"https:\/\/fundacioncrea.com.ar\/wp-content\/uploads\/2020\/06\/DSCN2731-300x225.jpg\" alt=\"\" data-id=\"3646\" data-full-url=\"https:\/\/fundacioncrea.com.ar\/wp-content\/uploads\/2020\/06\/DSCN2731-scaled.jpg\" data-link=\"https:\/\/fundacioncrea.com.ar\/inauguracion-hogar-de-ninas\/dscn2731\/\" class=\"wp-image-3646\"\/><\/figure><\/li><li class=\"blocks-gallery-item\"><figure><img decoding=\"async\" src=\"https:\/\/fundacioncrea.com.ar\/wp-content\/uploads\/2020\/06\/DSCN2733-300x225.jpg\" alt=\"\" data-id=\"3647\" data-full-url=\"https:\/\/fundacioncrea.com.ar\/wp-content\/uploads\/2020\/06\/DSCN2733-scaled.jpg\" data-link=\"https:\/\/fundacioncrea.com.ar\/inauguracion-hogar-de-ninas\/dscn2733\/\" class=\"wp-image-3647\"\/><\/figure><\/li><li class=\"blocks-gallery-item\"><figure><img decoding=\"async\" src=\"https:\/\/fundacioncrea.com.ar\/wp-content\/uploads\/2020\/06\/DSCN2736-300x225.jpg\" alt=\"\" data-id=\"3650\" data-full-url=\"https:\/\/fundacioncrea.com.ar\/wp-content\/uploads\/2020\/06\/DSCN2736-scaled.jpg\" data-link=\"https:\/\/fundacioncrea.com.ar\/inauguracion-hogar-de-ninas\/dscn2736\/\" class=\"wp-image-3650\"\/><\/figure><\/li><li class=\"blocks-gallery-item\"><figure><img decoding=\"async\" src=\"https:\/\/fundacioncrea.com.ar\/wp-content\/uploads\/2020\/06\/DSCN2790-300x225.jpg\" alt=\"\" data-id=\"3651\" data-full-url=\"https:\/\/fundacioncrea.com.ar\/wp-content\/uploads\/2020\/06\/DSCN2790-scaled.jpg\" data-link=\"https:\/\/fundacioncrea.com.ar\/inauguracion-hogar-de-ninas\/dscn2790\/\" class=\"wp-image-3651\"\/><\/figure><\/li><\/ul><\/figure>\n","protected":false},"excerpt":{"rendered":"<p>Inauguraci\u00f3n Hogar de Ni\u00f1as!!!! en este final de a\u00f1o&#8230; Como no reconocerle a cada paso! Solo El hace posible lo imposible para nuestro alcance. #Casadebendicion #Familia #Amorquesana #Cristoennostrosesperanzadegloria #PorElyparaElsontodaslascosas<\/p>\n","protected":false},"author":2,"featured_media":3641,"comment_status":"open","ping_status":"closed","sticky":false,"template":"","format":"standard","meta":{"give_campaign_id":0,"_monsterinsights_skip_tracking":false,"_monsterinsights_sitenote_active":false,"_monsterinsights_sitenote_note":"","_monsterinsights_sitenote_category":0,"footnotes":""},"categories":[1],"tags":[],"class_list":["post-3634","post","type-post","status-publish","format-standard","has-post-thumbnail","hentry","category-sin-categoria","category-1","description-off"],"_links":{"self":[{"href":"https:\/\/fundacioncrea.com.ar\/bienvenido\/wp-json\/wp\/v2\/posts\/3634","targetHints":{"allow":["GET"]}}],"collection":[{"href":"https:\/\/fundacioncrea.com.ar\/bienvenido\/wp-json\/wp\/v2\/posts"}],"about":[{"href":"https:\/\/fundacioncrea.com.ar\/bienvenido\/wp-json\/wp\/v2\/types\/post"}],"author":[{"embeddable":true,"href":"https:\/\/fundacioncrea.com.ar\/bienvenido\/wp-json\/wp\/v2\/users\/2"}],"replies":[{"embeddable":true,"href":"https:\/\/fundacioncrea.com.ar\/bienvenido\/wp-json\/wp\/v2\/comments?post=3634"}],"version-history":[{"count":0,"href":"https:\/\/fundacioncrea.com.ar\/bienvenido\/wp-json\/wp\/v2\/posts\/3634\/revisions"}],"wp:featuredmedia":[{"embeddable":true,"href":"https:\/\/fundacioncrea.com.ar\/bienvenido\/wp-json\/wp\/v2\/media\/3641"}],"wp:attachment":[{"href":"https:\/\/fundacioncrea.com.ar\/bienvenido\/wp-json\/wp\/v2\/media?parent=3634"}],"wp:term":[{"taxonomy":"category","embeddable":true,"href":"https:\/\/fundacioncrea.com.ar\/bienvenido\/wp-json\/wp\/v2\/categories?post=3634"},{"taxonomy":"post_tag","embeddable":true,"href":"https:\/\/fundacioncrea.com.ar\/bienvenido\/wp-json\/wp\/v2\/tags?post=3634"}],"curies":[{"name":"wp","href":"https:\/\/api.w.org\/{rel}","templated":true}]}}